{"id":3588,"date":"2019-06-10T06:38:06","date_gmt":"2019-06-10T04:38:06","guid":{"rendered":"https:\/\/veschber.myds.me\/wordpress\/?p=3588"},"modified":"2019-06-10T07:55:03","modified_gmt":"2019-06-10T05:55:03","slug":"united-technologies-und-raytheon-fusionieren","status":"publish","type":"post","link":"https:\/\/veschber.myds.me\/wordpress\/united-technologies-und-raytheon-fusionieren","title":{"rendered":"United Technologies und Raytheon fusionieren"},"content":{"rendered":"\n<div class=\"wp-block-image\"><figure class=\"aligncenter\"><img loading=\"lazy\" decoding=\"async\" width=\"381\" height=\"88\" src=\"https:\/\/veschber.myds.me:443\/wordpress\/wp-content\/uploads\/2019\/06\/image.png\" alt=\"\" class=\"wp-image-3590\" srcset=\"https:\/\/veschber.myds.me:443\/wordpress\/wp-content\/uploads\/2019\/06\/image.png 381w, https:\/\/veschber.myds.me:443\/wordpress\/wp-content\/uploads\/2019\/06\/image-300x69.png 300w\" sizes=\"auto, (max-width: 381px) 100vw, 381px\" \/><\/figure><\/div>\n\n\n\n<p>Erst wurde es am Pfingstwochenende spekuliert, schlie\u00dflich wurde es auch von beiden Firmen best\u00e4tigt.<\/p>\n\n\n\n<p>United Technologies und Ratheon fusionieren im n\u00e4chsten Jahr zu Raytheon Technologies und wollen damit das Vorzeigeunternehmen in der Luftfahrt und Verteidigung werden.<\/p>\n\n\n<a href=\"https:\/\/veschber.myds.me:443\/wordpress\/wp-content\/uploads\/2019\/06\/United-Technologies-Raytheon-Infographic.pdf\" class=\"pdfemb-viewer\" style=\"\" data-width=\"max\" data-height=\"max\" data-toolbar=\"bottom\" data-toolbar-fixed=\"on\">United-Technologies-Raytheon-Infographic<\/a>\n<p class=\"wp-block-pdfemb-pdf-embedder-viewer\"><\/p>\n\n\n\n<p>Was bedeutet dies f\u00fcr mich?  Erst einmal kommt die <a href=\"https:\/\/www.utc.com\/news\/news-center\/2018\/11\/26\/united-technologies-announces-intention-to-separate-into-three-independent-compan\">Abspaltung <\/a>der Aufzugssparte (Otis) und der Klimager\u00e4tesparte (Carrier), bevor United Technologies fusionieren wird. Diese beiden Dinge sollen alle vor der geplanten Fusion mit Raytheon abgeschlossen sein.<\/p>\n\n\n<a href=\"https:\/\/veschber.myds.me:443\/wordpress\/wp-content\/uploads\/2019\/06\/United-Technologies-and-Raytheon-Presentation_Final.pdf\" class=\"pdfemb-viewer\" style=\"\" data-width=\"max\" data-height=\"max\" data-toolbar=\"bottom\" data-toolbar-fixed=\"on\">United-Technologies-and-Raytheon-Presentation_Final<\/a>\n<p class=\"wp-block-pdfemb-pdf-embedder-viewer\"><\/p>\n","protected":false},"excerpt":{"rendered":"<p>Erst wurde es am Pfingstwochenende spekuliert, schlie\u00dflich wurde es auch von beiden Firmen best\u00e4tigt. United Technologies und Ratheon fusionieren im n\u00e4chsten Jahr zu Raytheon Technologies und wollen damit das Vorzeigeunternehmen in der Luftfahrt und Verteidigung werden. Was bedeutet dies f\u00fcr mich? Erst einmal kommt die Abspaltung der Aufzugssparte (Otis) und der Klimager\u00e4tesparte (Carrier), bevor United &hellip; <\/p>\n<p class=\"link-more\"><a href=\"https:\/\/veschber.myds.me\/wordpress\/united-technologies-und-raytheon-fusionieren\" class=\"more-link\"><span class=\"screen-reader-text\">\u201eUnited Technologies und Raytheon fusionieren\u201c <\/span>weiterlesen<\/a><\/p>\n","protected":false},"author":1,"featured_media":0,"comment_status":"open","ping_status":"closed","sticky":false,"template":"","format":"standard","meta":{"inline_featured_image":false,"ngg_post_thumbnail":0,"footnotes":""},"categories":[1],"tags":[],"class_list":["post-3588","post","type-post","status-publish","format-standard","hentry","category-allgemein"],"_links":{"self":[{"href":"https:\/\/veschber.myds.me\/wordpress\/wp-json\/wp\/v2\/posts\/3588","targetHints":{"allow":["GET"]}}],"collection":[{"href":"https:\/\/veschber.myds.me\/wordpress\/wp-json\/wp\/v2\/posts"}],"about":[{"href":"https:\/\/veschber.myds.me\/wordpress\/wp-json\/wp\/v2\/types\/post"}],"author":[{"embeddable":true,"href":"https:\/\/veschber.myds.me\/wordpress\/wp-json\/wp\/v2\/users\/1"}],"replies":[{"embeddable":true,"href":"https:\/\/veschber.myds.me\/wordpress\/wp-json\/wp\/v2\/comments?post=3588"}],"version-history":[{"count":2,"href":"https:\/\/veschber.myds.me\/wordpress\/wp-json\/wp\/v2\/posts\/3588\/revisions"}],"predecessor-version":[{"id":3593,"href":"https:\/\/veschber.myds.me\/wordpress\/wp-json\/wp\/v2\/posts\/3588\/revisions\/3593"}],"wp:attachment":[{"href":"https:\/\/veschber.myds.me\/wordpress\/wp-json\/wp\/v2\/media?parent=3588"}],"wp:term":[{"taxonomy":"category","embeddable":true,"href":"https:\/\/veschber.myds.me\/wordpress\/wp-json\/wp\/v2\/categories?post=3588"},{"taxonomy":"post_tag","embeddable":true,"href":"https:\/\/veschber.myds.me\/wordpress\/wp-json\/wp\/v2\/tags?post=3588"}],"curies":[{"name":"wp","href":"https:\/\/api.w.org\/{rel}","templated":true}]}}