{"id":405,"date":"2015-03-25T19:50:10","date_gmt":"2015-03-25T18:50:10","guid":{"rendered":"http:\/\/veschber.myds.me\/wordpress\/?p=405"},"modified":"2015-03-25T19:56:55","modified_gmt":"2015-03-25T18:56:55","slug":"the-kraft-heinz-company","status":"publish","type":"post","link":"https:\/\/veschber.myds.me\/wordpress\/the-kraft-heinz-company","title":{"rendered":"The Kraft Heinz Company"},"content":{"rendered":"<p>Nachdem gestern Abend erste Ger\u00fcchte die Runde machten und die Aktie von Kraft nachb\u00f6rslich ca. 10 % zulegte kam heute dann die Nachricht an \u00d6ffentlichkeit das Kraft \u00fcbernommen bzw. fusionieren soll. Warren Buffets Investfirma und die brasilianische 3G Capital werden das von Ihr gehaltene Unternehmen Heinz mit Kraft fusionieren. Der neue Name des Unternehmens lautet ab dann The Kraft Heinz Company.<\/p>\n<p><!--more--><\/p>\n<p>Um den bisherigen Aktion\u00e4ren, also auch mir, es alles ein bisschen schmackhafter zu machen wird Kraft eine Sonderdividende in H\u00f6he von 16,50 $ pro Anteil aussch\u00fctten.<\/p>\n<p>Alte Kraft Aktion\u00e4re werden 49 % des neuen Unternehmens besitzen, die Heinz Aktion\u00e4re 51 %. Die ganze Fusion soll in der zweiten Jahresh\u00e4lfte \u00fcber die B\u00fchne gehen.<\/p>\n<p>Kraft Aktien lagen heute 35% im Plus, leider aber nur 6 St\u00fcck in meinem Depot.<\/p>\n<p>Anbei der kleine Sprung der Aktie heute, als Chart mal die vergangenen 2,25 Jahre &#8211; Werte in Euro.<\/p>\n<p><a href=\"http:\/\/veschber.myds.me\/wordpress\/wp-content\/uploads\/2015\/03\/kraft.png\"><img loading=\"lazy\" decoding=\"async\" class=\"alignnone size-full wp-image-407\" src=\"http:\/\/veschber.myds.me\/wordpress\/wp-content\/uploads\/2015\/03\/kraft.png\" alt=\"Kraft Chart\" width=\"770\" height=\"477\" srcset=\"https:\/\/veschber.myds.me:443\/wordpress\/wp-content\/uploads\/2015\/03\/kraft.png 770w, https:\/\/veschber.myds.me:443\/wordpress\/wp-content\/uploads\/2015\/03\/kraft-300x186.png 300w\" sizes=\"auto, (max-width: 767px) 89vw, (max-width: 1000px) 54vw, (max-width: 1071px) 543px, 580px\" \/><\/a><\/p>\n<p><a href=\"http:\/\/veschber.myds.me\/wordpress\/wp-content\/uploads\/2015\/03\/Press-Release_Final_March-25-2015_Formatted.pdf\">Pressemitteilung in Englisch<\/a><\/p>\n","protected":false},"excerpt":{"rendered":"<p>Nachdem gestern Abend erste Ger\u00fcchte die Runde machten und die Aktie von Kraft nachb\u00f6rslich ca. 10 % zulegte kam heute dann die Nachricht an \u00d6ffentlichkeit das Kraft \u00fcbernommen bzw. fusionieren soll. Warren Buffets Investfirma und die brasilianische 3G Capital werden das von Ihr gehaltene Unternehmen Heinz mit Kraft fusionieren. Der neue Name des Unternehmens lautet &hellip; <\/p>\n<p class=\"link-more\"><a href=\"https:\/\/veschber.myds.me\/wordpress\/the-kraft-heinz-company\" class=\"more-link\"><span class=\"screen-reader-text\">\u201eThe Kraft Heinz Company\u201c <\/span>weiterlesen<\/a><\/p>\n","protected":false},"author":1,"featured_media":0,"comment_status":"open","ping_status":"open","sticky":false,"template":"","format":"standard","meta":{"inline_featured_image":false,"ngg_post_thumbnail":0,"footnotes":""},"categories":[6],"tags":[],"class_list":["post-405","post","type-post","status-publish","format-standard","hentry","category-depot"],"_links":{"self":[{"href":"https:\/\/veschber.myds.me\/wordpress\/wp-json\/wp\/v2\/posts\/405","targetHints":{"allow":["GET"]}}],"collection":[{"href":"https:\/\/veschber.myds.me\/wordpress\/wp-json\/wp\/v2\/posts"}],"about":[{"href":"https:\/\/veschber.myds.me\/wordpress\/wp-json\/wp\/v2\/types\/post"}],"author":[{"embeddable":true,"href":"https:\/\/veschber.myds.me\/wordpress\/wp-json\/wp\/v2\/users\/1"}],"replies":[{"embeddable":true,"href":"https:\/\/veschber.myds.me\/wordpress\/wp-json\/wp\/v2\/comments?post=405"}],"version-history":[{"count":3,"href":"https:\/\/veschber.myds.me\/wordpress\/wp-json\/wp\/v2\/posts\/405\/revisions"}],"predecessor-version":[{"id":410,"href":"https:\/\/veschber.myds.me\/wordpress\/wp-json\/wp\/v2\/posts\/405\/revisions\/410"}],"wp:attachment":[{"href":"https:\/\/veschber.myds.me\/wordpress\/wp-json\/wp\/v2\/media?parent=405"}],"wp:term":[{"taxonomy":"category","embeddable":true,"href":"https:\/\/veschber.myds.me\/wordpress\/wp-json\/wp\/v2\/categories?post=405"},{"taxonomy":"post_tag","embeddable":true,"href":"https:\/\/veschber.myds.me\/wordpress\/wp-json\/wp\/v2\/tags?post=405"}],"curies":[{"name":"wp","href":"https:\/\/api.w.org\/{rel}","templated":true}]}}